[{"@context":"https:\/\/schema.org\/","@type":"Article","@id":"https:\/\/www.cavern.cz\/proc-by-i-muzi-meli-pecovat-o-svuj-vzhled\/#Article","mainEntityOfPage":"https:\/\/www.cavern.cz\/proc-by-i-muzi-meli-pecovat-o-svuj-vzhled\/","headline":"Pro\u010d by i mu\u017ei m\u011bli pe\u010dovat o sv\u016fj vzhled?","name":"Pro\u010d by i mu\u017ei m\u011bli pe\u010dovat o sv\u016fj vzhled?","description":"P\u00e9\u010de o vzhled nen\u00ed jen ot\u00e1zkou estetiky. Ale tak\u00e9 n\u00e1m povzbud\u00ed sebev\u011bdom\u00ed. Prosp\u00edv\u00e1 to na\u0161emu zdrav\u00ed a budeme p\u016fsobit na lidi kolem sebe lep\u0161\u00edm dojmem. D\u0159\u00edve p\u0159evl\u00e1dal n\u00e1zor, a u mnoho lid\u00ed tento n\u00e1zor p\u0159evl\u00e1d\u00e1 dodnes, \u017ee mu\u017ei nemus\u00ed o sv\u016fj vzhled nijak zvl\u00e1\u0161\u0165 pe\u010dovat. \u017de je to sp\u00ed\u0161e z\u00e1le\u017eitost \u017een. Ale pro\u010d by mu\u017ei [&hellip;]","datePublished":"2025-04-07","dateModified":"2025-04-07","author":{"@type":"Person","@id":"https:\/\/www.cavern.cz\/author\/devene\/#Person","name":"devene","url":"https:\/\/www.cavern.cz\/author\/devene\/","identifier":1,"image":{"@type":"ImageObject","@id":"https:\/\/secure.gravatar.com\/avatar\/ee69a086fc043006d66000ff5e288b6b088fc8fa323128f3849437410a854832?s=96&d=mm&r=g","url":"https:\/\/secure.gravatar.com\/avatar\/ee69a086fc043006d66000ff5e288b6b088fc8fa323128f3849437410a854832?s=96&d=mm&r=g","height":96,"width":96}},"publisher":{"@type":"Organization","name":"cavern.cz","logo":{"@type":"ImageObject","@id":"\/logo.png","url":"\/logo.png","width":600,"height":60}},"image":{"@type":"ImageObject","@id":"https:\/\/www.cavern.cz\/wp-content\/uploads\/drew-hays-agGIKYs4mYs-unsplash%20(1)_1.jpg","url":"https:\/\/www.cavern.cz\/wp-content\/uploads\/drew-hays-agGIKYs4mYs-unsplash%20(1)_1.jpg","height":0,"width":0},"url":"https:\/\/www.cavern.cz\/proc-by-i-muzi-meli-pecovat-o-svuj-vzhled\/","about":["Spole\u010dnosti"],"wordCount":420,"articleBody":"       P\u00e9\u010de o vzhled nen\u00ed jen ot\u00e1zkou estetiky. Ale tak\u00e9 n\u00e1m povzbud\u00ed sebev\u011bdom\u00ed. Prosp\u00edv\u00e1 to na\u0161emu zdrav\u00ed a budeme p\u016fsobit na lidi kolem sebe lep\u0161\u00edm dojmem. D\u0159\u00edve p\u0159evl\u00e1dal n\u00e1zor, a u mnoho lid\u00ed tento n\u00e1zor p\u0159evl\u00e1d\u00e1 dodnes, \u017ee mu\u017ei nemus\u00ed o sv\u016fj vzhled nijak zvl\u00e1\u0161\u0165 pe\u010dovat. \u017de je to sp\u00ed\u0161e z\u00e1le\u017eitost \u017een. Ale pro\u010d by mu\u017ei nem\u011bli pe\u010dovat o sv\u016fj vzhled? Kdy\u017e jim p\u00e9\u010de o sebe p\u0159inese jen sam\u00e9 benefity? Nap\u0159\u00edklad pravideln\u00e1 p\u00e9\u010de o poko\u017eku, vlasy, vousy a zuby p\u0159isp\u00edv\u00e1 k jejich zdrav\u00ed. Mu\u017ei by si stejn\u011b jako \u017eeny m\u011bli pravideln\u011b \u010distit ple\u0165, tedy ide\u00e1ln\u011b dvakr\u00e1t denn\u011b a dod\u00e1vat j\u00ed hydrataci vhodn\u00fdmi kosmetick\u00fdmi produkty. P\u00e9\u010de o vlasy a vousy je tak\u00e9 kl\u00ed\u010dov\u00e1. Nejenom, \u017ee to pom\u016f\u017ee va\u0161emu vzhledu a sebev\u011bdom\u00ed, ale pokud se nebudete starat o sv\u00e9 vousy, m\u016f\u017eete m\u00edt posl\u00e9ze nap\u0159\u00edklad probl\u00e9my s k\u016f\u017e\u00ed. Doporu\u010dujeme zvolit profesion\u00e1ln\u00ed p\u00e9\u010di v barber shopu. Barbe\u0159i toti\u017e p\u0159esn\u011b v\u00ed, jak se o v\u00e1s postarat a dok\u00e1\u017eou odhadnout, jak\u00fd sest\u0159ih v\u00e1m budou nejv\u00edce slu\u0161et. Doporu\u010dujeme nav\u0161t\u00edvit barbera Praha, kde se o v\u00e1s postar\u00e1 t\u00fdm profesion\u00e1l\u016f ve velmi p\u0159\u00edjemn\u00e9m prost\u0159ed\u00ed. I oble\u010den\u00ed je pro mu\u017ee d\u016fle\u017eit\u00e9. O\u0161oupan\u00e9 kalhoty, tri\u010dko s d\u00edrou a okopan\u00e9 boty rozhodn\u011b nep\u016fsob\u00ed  http:\/\/www.trivis.cz\/editor\/image\/stranky3_soubory\/atmvztlak.pdf dobr\u00fdm dojmem. A pokud se pravideln\u011b pohybujete mezi lidmi, mus\u00edte tvo\u0159it dobr\u00fd dojem. A to i v pracovn\u00edm prost\u0159ed\u00ed. Upraven\u00fd vzhled podporuje va\u0161i d\u016fv\u011bryhodnost a profesionalitu. Nebojte se vyzkou\u0161et r\u016fzn\u00e9 styly oble\u010den\u00ed. Nakonec najdete to, co se v\u00e1m bude l\u00edbit a v \u010dem se budete c\u00edtit dob\u0159e.Investice do p\u00e9\u010de o v\u00e1\u0161 vzhled a o va\u0161e zdrav\u00ed je tak\u00e9 dobrou investic\u00ed. T\u0159eba takov\u00e9 pou\u017e\u00edv\u00e1n\u00ed kvalitn\u00ed kosmetiky v\u00e1s uchr\u00e1n\u00ed p\u0159ed ko\u017en\u00edmi probl\u00e9my a p\u0159ed\u010dasn\u00e9ho st\u00e1rnut\u00ed pleti. Kvalitn\u00ed p\u00e9\u010de o vlasy a vousy v\u00e1m pomohou od probl\u00e9m\u016f s k\u016f\u017e\u00ed a pomohou v\u00e1m udr\u017eet mladistv\u00fd vzhled. Je to zkr\u00e1tka rozhodn\u011b investice, kter\u00e1 se v\u00e1m z dlouhodob\u00e9ho hlediska vyplat\u00ed.                                                                                                                                                                                                                                                                                                                                                                                                  "},{"@context":"https:\/\/schema.org\/","@type":"BreadcrumbList","itemListElement":[{"@type":"ListItem","position":1,"name":"Pro\u010d by i mu\u017ei m\u011bli pe\u010dovat o sv\u016fj vzhled?","item":"https:\/\/www.cavern.cz\/proc-by-i-muzi-meli-pecovat-o-svuj-vzhled\/#breadcrumbitem"}]}]